{"id":26065,"date":"2022-02-05T15:46:42","date_gmt":"2022-02-05T15:46:42","guid":{"rendered":"https:\/\/www.mv-papenburg.de\/?p=26065"},"modified":"2023-04-10T12:06:45","modified_gmt":"2023-04-10T12:06:45","slug":"der-musikverein-papenburg-hat-ein-neues-vorstandsteam","status":"publish","type":"post","link":"https:\/\/mv-papenburg.de\/?p=26065","title":{"rendered":"Der Musikverein Papenburg \u00a0hat ein neues Vorstandsteam"},"content":{"rendered":"\r\n<p>In einer au\u00dferordentlichen Mitgliederversammlung wurde am 4. Februar 2022 ein neues Vorstandsteam f\u00fcr den Musikverein Papenburg von 1996 e.V. gew\u00e4hlt. Dies war aufgrund des R\u00fccktritts einiger amtierender Vorstandsmitglieder notwendig geworden. Die Versammlung fand im B\u00fcrgerzentrum Papenburg statt. Da einige Mitglieder coronabedingt nicht anwesend sein konnten, wurde kurzfristig eine zus\u00e4tzliche M\u00f6glichkeit zur Online-Teilnahme und Wahl geschaffen. In geheimer Abstimmung konnte dann mit gro\u00dfer Mehrheit das neue Vorstandsteam als Gesamtes gew\u00e4hlt werden. Erste Vorsitzende wurde Sonja R\u00f6ntzsch, zweite Monika Schendzierlorz. Der amtierende zweite Stellvertreter Christian Koop bleibt im Amt. Neue Schriftf\u00fchrerin wurde Lea Scheper, Kassenwartin Anja Sagkob. Zum amtierenden Kassenpr\u00fcfer Ralf Stevens wurde Ulli M\u00f6nter als zweiter Kassenpr\u00fcfer gew\u00e4hlt.<\/p>\r\n\r\n\r\n\r\n<p>Der neue Vorstand bedankte sich bei den ausscheidenden Vorstandsmitgliedern Birgit Kampling-M\u00f6nter, Ingrid Gerbrand und Christoph Norda f\u00fcr ihre Arbeit in den letzten zwei schwierigen Jahren. \u00a0Das\u00a0 neue Team, das sich einen Tag zuvor in Form einer Videobotschaft den Vereinsmitgliedern pr\u00e4sentierte, hat sich vorgenommen, so schnell wie m\u00f6glich gemeinsames Musizieren in kleinen Gruppen zu organisieren sowie die vielf\u00e4ltigen Vereinsaufgaben auf m\u00f6glichst viele Schultern zu verteilen. Trotz aller Einschr\u00e4nkungen soll die starke Gemeinschaft wieder aufleben, die den Verein seit nunmehr 25 Jahren pr\u00e4gt. \u00a0<\/p>\r\n\r\n\r\n\r\n<figure class=\"wp-block-image size-large\">\r\n<figure id=\"attachment_26066\" aria-describedby=\"caption-attachment-26066\" style=\"width: 1024px\" class=\"wp-caption alignnone\"><a href=\"https:\/\/mv-papenburg.de\/wp-content\/uploads\/2022\/02\/Unbenannt.jpg\"><img loading=\"lazy\" decoding=\"async\" class=\"wp-image-26066\" src=\"https:\/\/mv-papenburg.de\/wp-content\/uploads\/2022\/02\/Unbenannt-1024x508.jpg\" alt=\"\" width=\"1024\" height=\"508\" srcset=\"https:\/\/mv-papenburg.de\/wp-content\/uploads\/2022\/02\/Unbenannt-1024x508.jpg 1024w, https:\/\/mv-papenburg.de\/wp-content\/uploads\/2022\/02\/Unbenannt-300x149.jpg 300w, https:\/\/mv-papenburg.de\/wp-content\/uploads\/2022\/02\/Unbenannt-768x381.jpg 768w, https:\/\/mv-papenburg.de\/wp-content\/uploads\/2022\/02\/Unbenannt-1536x761.jpg 1536w, https:\/\/mv-papenburg.de\/wp-content\/uploads\/2022\/02\/Unbenannt-440x218.jpg 440w, https:\/\/mv-papenburg.de\/wp-content\/uploads\/2022\/02\/Unbenannt.jpg 1767w\" sizes=\"auto, (max-width: 767px) 89vw, (max-width: 1000px) 54vw, (max-width: 1071px) 543px, 580px\" \/><\/a><figcaption id=\"caption-attachment-26066\" class=\"wp-caption-text\">von oben links nach unten rechts:<br \/>Anja Sagkob, Christian Koop, Lea Scheper, Monika Schendzielorz, Sonja R\u00f6ntzsch<\/figcaption><\/figure>\r\n<\/figure>\r\n\r\n\r\n\r\n<p>&nbsp;<\/p>\r\n","protected":false},"excerpt":{"rendered":"<p>In einer au\u00dferordentlichen Mitgliederversammlung wurde am 4. Februar 2022 ein neues Vorstandsteam f\u00fcr den Musikverein Papenburg von 1996 e.V. gew\u00e4hlt. Dies war aufgrund des R\u00fccktritts einiger amtierender Vorstandsmitglieder notwendig geworden. Die Versammlung fand im B\u00fcrgerzentrum Papenburg statt. Da einige Mitglieder coronabedingt nicht anwesend sein konnten, wurde kurzfristig eine zus\u00e4tzliche M\u00f6glichkeit zur Online-Teilnahme und Wahl geschaffen. &hellip; <\/p>\n<p class=\"link-more\"><a href=\"https:\/\/mv-papenburg.de\/?p=26065\" class=\"more-link\"><span class=\"screen-reader-text\">\u201eDer Musikverein Papenburg \u00a0hat ein neues Vorstandsteam\u201c<\/span> weiterlesen<\/a><\/p>\n","protected":false},"author":2,"featured_media":0,"comment_status":"closed","ping_status":"open","sticky":false,"template":"","format":"standard","meta":{"footnotes":""},"categories":[33],"tags":[],"class_list":["post-26065","post","type-post","status-publish","format-standard","hentry","category-33"],"_links":{"self":[{"href":"https:\/\/mv-papenburg.de\/index.php?rest_route=\/wp\/v2\/posts\/26065","targetHints":{"allow":["GET"]}}],"collection":[{"href":"https:\/\/mv-papenburg.de\/index.php?rest_route=\/wp\/v2\/posts"}],"about":[{"href":"https:\/\/mv-papenburg.de\/index.php?rest_route=\/wp\/v2\/types\/post"}],"author":[{"embeddable":true,"href":"https:\/\/mv-papenburg.de\/index.php?rest_route=\/wp\/v2\/users\/2"}],"replies":[{"embeddable":true,"href":"https:\/\/mv-papenburg.de\/index.php?rest_route=%2Fwp%2Fv2%2Fcomments&post=26065"}],"version-history":[{"count":5,"href":"https:\/\/mv-papenburg.de\/index.php?rest_route=\/wp\/v2\/posts\/26065\/revisions"}],"predecessor-version":[{"id":26562,"href":"https:\/\/mv-papenburg.de\/index.php?rest_route=\/wp\/v2\/posts\/26065\/revisions\/26562"}],"wp:attachment":[{"href":"https:\/\/mv-papenburg.de\/index.php?rest_route=%2Fwp%2Fv2%2Fmedia&parent=26065"}],"wp:term":[{"taxonomy":"category","embeddable":true,"href":"https:\/\/mv-papenburg.de\/index.php?rest_route=%2Fwp%2Fv2%2Fcategories&post=26065"},{"taxonomy":"post_tag","embeddable":true,"href":"https:\/\/mv-papenburg.de\/index.php?rest_route=%2Fwp%2Fv2%2Ftags&post=26065"}],"curies":[{"name":"wp","href":"https:\/\/api.w.org\/{rel}","templated":true}]}}